[{"@context":"https:\/\/schema.org\/","@type":"Article","@id":"https:\/\/www.vsb.sk\/do-ktorej-skupiny-patrite-vy\/#Article","mainEntityOfPage":"https:\/\/www.vsb.sk\/do-ktorej-skupiny-patrite-vy\/","headline":"Do ktorej skupiny patr\u00edte Vy?","name":"Do ktorej skupiny patr\u00edte Vy?","description":"Odpoveda\u0165 na to jednozna\u010dne v\u00f4bec nie je jednoduch\u00e9, nako\u013eko sa v\u00a0obidvoch skupin\u00e1ch n\u00e1jdu plusy a\u00a0m\u00ednusy a\u00a0\u0165a\u017eko rozhodn\u00fa\u0165, ktor\u00e1 \u017eivotom pl\u00e1va \u013eah\u0161ie. \u017divot tej zodpovednej so sebou prin\u00e1\u0161a nepochybne viac starost\u00ed a\u00a0tlaku be\u017en\u00fdch dn\u00ed, preto\u017ee t\u00e1to skupinka \u017eien chce zvl\u00e1dnu\u0165 v\u017edy a\u00a0v\u0161etko, ide\u00e1lne v\u00a0\u010do najkrat\u0161om \u010dase a\u00a0neust\u00e1le. Stopercentn\u00e9 fungovanie vo v\u0161etk\u00fdch oblastiach \u017eivota, \u010di u\u017e tej [&hellip;]","datePublished":"2022-08-11","dateModified":"2023-04-28","author":{"@type":"Person","@id":"https:\/\/www.vsb.sk\/author\/devene\/#Person","name":"devene","url":"https:\/\/www.vsb.sk\/author\/devene\/","identifier":1,"image":{"@type":"ImageObject","@id":"https:\/\/secure.gravatar.com\/avatar\/a414941ff2b86a79f1a70a433f21d60df00047fefe742a46b6fded139881a475?s=96&d=mm&r=g","url":"https:\/\/secure.gravatar.com\/avatar\/a414941ff2b86a79f1a70a433f21d60df00047fefe742a46b6fded139881a475?s=96&d=mm&r=g","height":96,"width":96}},"publisher":{"@type":"Organization","name":"vsb.sk","logo":{"@type":"ImageObject","@id":"\/logo.png","url":"\/logo.png","width":600,"height":60}},"image":{"@type":"ImageObject","@id":"https:\/\/www.vsb.sk\/wp-content\/uploads\/freedom-2940655__340.jpg","url":"https:\/\/www.vsb.sk\/wp-content\/uploads\/freedom-2940655__340.jpg","height":0,"width":0},"url":"https:\/\/www.vsb.sk\/do-ktorej-skupiny-patrite-vy\/","about":["\u017deny"],"wordCount":444,"articleBody":"Odpoveda\u0165 na to jednozna\u010dne v\u00f4bec nie je jednoduch\u00e9, nako\u013eko sa v\u00a0obidvoch skupin\u00e1ch n\u00e1jdu plusy a\u00a0m\u00ednusy a\u00a0\u0165a\u017eko rozhodn\u00fa\u0165, ktor\u00e1 \u017eivotom pl\u00e1va \u013eah\u0161ie. \u017divot tej zodpovednej so sebou prin\u00e1\u0161a nepochybne viac starost\u00ed a\u00a0tlaku be\u017en\u00fdch dn\u00ed, preto\u017ee t\u00e1to skupinka \u017eien chce zvl\u00e1dnu\u0165 v\u017edy a\u00a0v\u0161etko, ide\u00e1lne v\u00a0\u010do najkrat\u0161om \u010dase a\u00a0neust\u00e1le. Stopercentn\u00e9 fungovanie vo v\u0161etk\u00fdch oblastiach \u017eivota, \u010di u\u017e tej pracovnej alebo rodinnej bez chv\u00ed\u013eky pauzy a\u00a0ni\u010dnerobenia so sebou v\u0161ak \u010dasom prin\u00e1\u0161a frustr\u00e1ciu z\u00a0toho, \u017ee m\u00e1te v\u0161etk\u00e9ho pln\u00e9 zuby. C\u00edtite za v\u0161etko zodpovednos\u0165 a\u00a0mal\u00e9 vyko\u013eajenie sp\u00f4sobuje katastrofu, ktor\u00e1 V\u00e1m naru\u0161\u00ed V\u00e1\u0161 dokonale napl\u00e1novan\u00fd rytmus.Z\u00e1rove\u0148 v\u0161ak ob\u010das m\u00f4\u017eete c\u00edti\u0165 aj sklamanie z\u00a0toho, ako sa ve\u013emi sna\u017e\u00edte a\u00a0v\u00a0kone\u010dnom d\u00f4sledku to aj tak nikto nevid\u00ed a\u00a0neocen\u00ed. V\u00fdhodou \u017eivota zodpovednej \u017eeny je ale nie\u010do ve\u013emi d\u00f4le\u017eit\u00e9. Istota, z\u00e1zemie, poh\u013ead o\u00a0nieko\u013eko krokov dopredu a\u00a0pocit, \u017ee m\u00e1te v\u0161etko pod kontrolou a\u00a0pevne vo svojich ruk\u00e1ch. No \u010do t\u00e1 druh\u00e1 skupina? Patria medzi tie \u0161\u0165astnej\u0161ie? Ber\u00fa za sebou dni ako pr\u00eddu, ni\u010d nepl\u00e1nuj\u00fa a\u00a0prisp\u00f4sobuj\u00fa sa r\u00fdchlo situ\u00e1cii ak\u00e1 pr\u00edde, riadiac sa heslom \u201e\u017eijem tu a\u00a0teraz, nezauj\u00edma ma \u010do bude zajtra\u201c. \u017divotom pl\u00e1vaj\u00fa s\u00a0\u013eahkos\u0165ou, nerie\u0161ia \u010do bude o\u00a0hodinu, preto\u017ee nech sa stane \u010doko\u013evek, v\u017edy nejako bude. Tak\u00fdto \u017eivot m\u00e1 nepochybne tie\u017e nie\u010do do seba, ale mo\u017eno tak pre skupinu n\u00e1s\u0165ro\u010dn\u00fdch pr\u00edpadne dvadsa\u0165ro\u010dn\u00fdch. Predsa len, ma\u0165 nejak\u00e9 tie istoty hlavne ak obdobie puberty d\u00e1vno pominulo je d\u00f4le\u017eit\u00e9, rovnako ako spolieha\u0165 sa na sam\u00fa seba a\u00a0vedie\u0165, \u017ee si viete v\u017edy poradi\u0165 bez v\u00e4\u010d\u0161ej ujmy. Ve\u013eakr\u00e1t V\u00e1m v\u00a0pr\u00edpade starost\u00ed mo\u017eno niekto pomocn\u00fa ruku pod\u00e1, no spolieha\u0165 sa na to v\u017edy bez vlastnej snahy u\u017e trochu zav\u00e1\u0148a nezodpovednos\u0165ou. \u010co si o\u00a0tom mysl\u00edte Vy d\u00e1my? D\u00e1 sa \u017ei\u0165 obidvoma sp\u00f4sobmi, ale len do ur\u010dit\u00e9ho veku, preto\u017ee zodpovednos\u0165 za vlastn\u00fa osobu V\u00e1m v\u00a0\u017eivote m\u00f4\u017ee prinies\u0165 len pozit\u00edva. Najlep\u0161ia je v\u0161ak ur\u010dite zlat\u00e1 stredn\u00e1 cesta, kedy sa aj t\u00fdm ve\u013emi zodpovedn\u00fdm typom ur\u010dite u\u013eav\u00ed, ak bud\u00fa \u010dastej\u0161ie relaxova\u0165 a\u00a0u\u017e\u00edva\u0165 si \u017eivot pln\u00fdmi d\u00fa\u0161kami.                                                                                                                                                                                                                                                                                                                                                                                                 "},{"@context":"https:\/\/schema.org\/","@type":"BreadcrumbList","itemListElement":[{"@type":"ListItem","position":1,"name":"Do ktorej skupiny patr\u00edte Vy?","item":"https:\/\/www.vsb.sk\/do-ktorej-skupiny-patrite-vy\/#breadcrumbitem"}]}]