[{"@context":"https:\/\/schema.org\/","@type":"Article","@id":"https:\/\/www.vsb.sk\/milovany-i-nenavideny-fenikel-porastie-aj-u-vas-doma\/#Article","mainEntityOfPage":"https:\/\/www.vsb.sk\/milovany-i-nenavideny-fenikel-porastie-aj-u-vas-doma\/","headline":"Milovan\u00fd i nen\u00e1viden\u00fd fenikel porastie aj u v\u00e1s doma","name":"Milovan\u00fd i nen\u00e1viden\u00fd fenikel porastie aj u v\u00e1s doma","description":"Fenikel patr\u00ed k\u00a0zelenine a\u00a0korenin\u00e1m, ktor\u00e9 neob\u013eubuje ka\u017ed\u00fd. M\u00e1 ve\u013emi charakteristick\u00fa v\u00f4\u0148u aj chu\u0165. Mo\u017eno ste doteraz nech\u00e1pali ak\u00fd je rozdiel medzi feniklom, ktor\u00fd pripom\u00edna splo\u0161ten\u00fd kaler\u00e1b, a\u00a0feniklom, ktor\u00fd si k\u00fapime vo vrec\u00fa\u0161kach ako korenie. V\u00a0skuto\u010dnosti ide o\u00a0t\u00fa ist\u00fa rastlinu. V\u00a0prvom roku po vysiat\u00ed vytvor\u00ed mohutn\u00fd kore\u0148. ak ho zo zeme vytiahnete, m\u00f4\u017eete ho konzumova\u0165 ako [&hellip;]","datePublished":"2018-12-23","dateModified":"2018-12-23","author":{"@type":"Person","@id":"https:\/\/www.vsb.sk\/author\/devene\/#Person","name":"devene","url":"https:\/\/www.vsb.sk\/author\/devene\/","identifier":1,"image":{"@type":"ImageObject","@id":"https:\/\/secure.gravatar.com\/avatar\/a414941ff2b86a79f1a70a433f21d60df00047fefe742a46b6fded139881a475?s=96&d=mm&r=g","url":"https:\/\/secure.gravatar.com\/avatar\/a414941ff2b86a79f1a70a433f21d60df00047fefe742a46b6fded139881a475?s=96&d=mm&r=g","height":96,"width":96}},"publisher":{"@type":"Organization","name":"vsb.sk","logo":{"@type":"ImageObject","@id":"\/logo.png","url":"\/logo.png","width":600,"height":60}},"image":{"@type":"ImageObject","@id":"https:\/\/www.vsb.sk\/wp-content\/uploads\/img_a297213_w16659_t1550941091.jpg","url":"https:\/\/www.vsb.sk\/wp-content\/uploads\/img_a297213_w16659_t1550941091.jpg","height":0,"width":0},"url":"https:\/\/www.vsb.sk\/milovany-i-nenavideny-fenikel-porastie-aj-u-vas-doma\/","wordCount":392,"articleBody":"Fenikel patr\u00ed k\u00a0zelenine a\u00a0korenin\u00e1m, ktor\u00e9 neob\u013eubuje ka\u017ed\u00fd. M\u00e1 ve\u013emi charakteristick\u00fa v\u00f4\u0148u aj chu\u0165. Mo\u017eno ste doteraz nech\u00e1pali ak\u00fd je rozdiel medzi feniklom, ktor\u00fd pripom\u00edna splo\u0161ten\u00fd kaler\u00e1b, a\u00a0feniklom, ktor\u00fd si k\u00fapime vo vrec\u00fa\u0161kach ako korenie. V\u00a0skuto\u010dnosti ide o\u00a0t\u00fa ist\u00fa rastlinu. V\u00a0prvom roku po vysiat\u00ed vytvor\u00ed mohutn\u00fd kore\u0148. ak ho zo zeme vytiahnete, m\u00f4\u017eete ho konzumova\u0165 ako zeleninu. Pokia\u013e ho v\u0161ak nech\u00e1te v\u00a0zemi, na druh\u00fd rok za\u010dne vytv\u00e1ra\u0165 stonku, na ktorej dozrievaj\u00fa semen\u00e1, podobn\u00e9 k\u00f4pru. Tie sa n\u00e1sledne vyu\u017e\u00edvaj\u00fa ako korenie.\u00a0Fenikel m\u00e1 svoj p\u00f4vod v\u00a0ju\u017enej Eur\u00f3pe. \u010casom sa v\u0161ak roz\u0161\u00edril aj do jej ostatn\u00fdch \u010dast\u00ed, tak\u017ee pomerne bez probl\u00e9mov, pre\u017eije aj na\u0161u zimu. Z\u00e1kladom je jeho ochrana pred priamym mrazom. T\u00fa zabezpe\u010d\u00edte such\u00fdm l\u00edst\u00edm, alebo kon\u00e1rmi z\u00a0ihli\u010dnat\u00fdch stromov a\u00a0poriadne nahrnutou zeminou ku kore\u0148om. \u00a0Feniklov\u00e9 semen\u00e1 vysievajte priamo na z\u00e1hon, a\u00a0to a\u017e v\u00a0priebehu j\u00fana a\u00a0pokojne i\u00a0do polovice augusta.Ak by ste ich vysiali sk\u00f4r, rastliny by v\u00e1m mohli pr\u00edli\u0161 skoro vybehn\u00fa\u0165 do kvetu. Prv\u00e9 nadzemn\u00e9 \u010dasti m\u00f4\u017eete zbada\u0165 u\u017e v\u00a0priebehu dvoch t\u00fd\u017ed\u0148ov. Nemus\u00edte sa ob\u00e1va\u0165, do prv\u00fdch mrazov stihne fenikel vytvori\u0165 dostato\u010dne siln\u00e9 korene, ktor\u00e9 s\u00a0va\u0161ou pomocou pre\u017eij\u00fa zimu.Druhou mo\u017enos\u0165ou je predpestovanie priesad. Tie vysievajte v\u00a0rovnakom obdob\u00ed. Zabezpe\u010dte im v\u0161ak vhodn\u00fa teplotu, ktor\u00e1 sa mus\u00ed pohybova\u0165 okolo p\u00e4tn\u00e1stich a\u00a0maxim\u00e1lne dvadsiatich stup\u0148ov Celzia. Do vo\u013enej p\u00f4dy ich vysa\u010fte a\u017e koncom j\u00fala, alebo za\u010diatkom augusta.\u00a0V\u00e4\u010d\u0161ina odr\u00f4d potrebuje na v\u00fdvoj dva a\u017e tri mesiace.Pokia\u013e v\u0161ak chcete fenikel pestova\u0165 v\u00a0chladnej\u0161\u00edch \u010dastiach na\u0161ej krajiny, siahnite po odolnej\u0161\u00edch odrod\u00e1ch. Jednou z\u00a0nich je napr\u00edklad Di Firenze, ktor\u00e1 potrebuje pre svoj rast pribli\u017ene dva mesiace. \u00a0Ako sme spomenuli u\u017e na za\u010diatku, pokia\u013e chcete fenikel konzumova\u0165 ako zeleninu, pred pr\u00edchodom prv\u00fdch mrazov, zo zeme vykopte podzemn\u00fa h\u013euzu. Ak ju v\u00a0zemi nech\u00e1te, koncom \u010fal\u0161ieho leta, budete m\u00f4c\u0165 zbiera\u0165 semen\u00e1, ktor\u00e9 sa pou\u017e\u00edvaj\u00fa ako aromatick\u00e9 korenie.\u00a0                                                                                                                                                                                                                                                                                                                                                                                                "},{"@context":"https:\/\/schema.org\/","@type":"BreadcrumbList","itemListElement":[{"@type":"ListItem","position":1,"name":"Milovan\u00fd i nen\u00e1viden\u00fd fenikel porastie aj u v\u00e1s doma","item":"https:\/\/www.vsb.sk\/milovany-i-nenavideny-fenikel-porastie-aj-u-vas-doma\/#breadcrumbitem"}]}]